{"id":7706,"date":"2021-01-11T01:59:36","date_gmt":"2021-01-11T04:59:36","guid":{"rendered":"https:\/\/emalonso.com.ar\/?p=7706"},"modified":"2021-01-11T01:59:36","modified_gmt":"2021-01-11T04:59:36","slug":"contabilidad-de-un-pais","status":"publish","type":"post","link":"https:\/\/emalonso.com.ar\/en\/contabilidad-de-un-pais\/","title":{"rendered":"La Contabilidad de un Pa\u00eds"},"content":{"rendered":"<h2 class=\"wp-block-heading\">\u00bfQu\u00e9 es la Contabilidad de un pa\u00eds?<\/h2>\n\n\n\n<p>La contabilidad nacional es el sistema de cuentas que registra todas las actividades econ\u00f3micas realizadas en una econom\u00eda determinada, present\u00e1ndola de forma agregada en un tiempo determinado.<\/p>\n\n\n\n<h2 class=\"wp-block-heading\">\u00bfQu\u00e9 engloba dicha Contabilidad?<\/h2>\n\n\n\n<p>Los distintos agentes econ\u00f3micos, es decir la familia, la empresa y el sector p\u00fablico, realizan continuamente sus actividades econ\u00f3micas. Cada una de las operaciones que realizan los distintos agentes econ\u00f3micos se integran en un rengl\u00f3n o magnitud como, por ejemplo, producci\u00f3n, consumo, ingreso, etc. De manera que esta contabilidad general de la econom\u00eda est\u00e1 integrada por un conjunto de cuentas. entre las principales magnitudes que conforman la contabilidad nacional est\u00e1n las siguientes:<\/p>\n\n\n\n<p><strong>Producto interior bruto (PIB)<br>Renta nacional<br>Balanza de pagos<br>Balanza comercial<\/strong><\/p>\n\n\n\n<p>En t\u00e9rminos cuantitativos, este registro de cuentas que es la contabilidad nacional, tambi\u00e9n presenta las relaciones que se dan entre los diferentes sectores que integran la econom\u00eda, as\u00ed como sus relaciones con el resto del mundo.<\/p>\n\n\n\n<h2 class=\"wp-block-heading\">Caracter\u00edsticas<\/h2>\n\n\n\n<h4 class=\"wp-block-heading\">Ayuda a comprender la situaci\u00f3n econ\u00f3mica.<\/h4>\n\n\n\n<p>Gracias a las cuentas nacionales, todas las actividades econ\u00f3micas de un pa\u00eds se han registrado para su posterior juicio.<\/p>\n\n\n\n<h4 class=\"wp-block-heading\">Es un medio de pol\u00edtica econ\u00f3mica<\/h4>\n\n\n\n<p>Estos datos son fundamentales para poder implementar pol\u00edticas econ\u00f3micas que se adapten a las condiciones del pa\u00eds. Si este tipo de contabilidad no existe, no ser\u00e1 posible comprender las condiciones econ\u00f3micas de la regi\u00f3n, por lo que las pol\u00edticas econ\u00f3micas no se implementar\u00e1n de manera efectiva.<\/p>\n\n\n\n<h2 class=\"wp-block-heading\">\u00bfPorqu\u00e9 es importante dicha Contabilidad?<\/h2>\n\n\n\n<p>Al medir la actividad econ\u00f3mica en una regi\u00f3n, las cuentas nacionales son cruciales. Al igual que con cualquier empresa, todos los registros detallados deben conservarse durante un per\u00edodo de tiempo.<\/p>\n\n\n\n<p>De esta forma se pueden medir diferentes niveles de ingresos, inversi\u00f3n, consumo, importaciones y exportaciones, ahorros, etc. de un per\u00edodo a otro. Con los datos de la contabilidad nacional, puede saber lo siguiente:<\/p>\n\n\n\n<p><em>-Producci\u00f3n nacional en un pa\u00eds o regi\u00f3n.<br>-Estos gastos del hogar, empresas y gobierno.<br>-Importar y exportar.<br>-Renta de todos los agentes econ\u00f3micos.<\/em><\/p>","protected":false},"excerpt":{"rendered":"<p>\u00bfQu\u00e9 es la Contabilidad de un pa\u00eds? La contabilidad nacional es el sistema de cuentas que registra todas las actividades econ\u00f3micas realizadas en una econom\u00eda determinada, present\u00e1ndola de forma agregada en un tiempo determinado. \u00bfQu\u00e9 engloba dicha Contabilidad? Los distintos agentes econ\u00f3micos, es decir la familia, la empresa y el sector p\u00fablico, realizan continuamente sus [&hellip;]<\/p>","protected":false},"author":2,"featured_media":7707,"comment_status":"closed","ping_status":"closed","sticky":false,"template":"","format":"standard","meta":{"footnotes":""},"categories":[17,36],"tags":[29,23],"yoast_head":"<!-- This site is optimized with the Yoast SEO plugin v22.6 - https:\/\/yoast.com\/wordpress\/plugins\/seo\/ -->\n<title>\u226bLa Contabilidad de un Pa\u00eds<\/title>\n<meta name=\"description\" content=\"La contabilidad nacional es el sistema de cuentas que registra todas las actividades econ\u00f3micas realizadas en una econom\u00eda determinada, present\u00e1ndola de forma agregada en un tiempo determinado.\" \/>\n<meta name=\"robots\" content=\"index, follow, max-snippet:-1, max-image-preview:large, max-video-preview:-1\" \/>\n<link rel=\"canonical\" href=\"https:\/\/emalonso.com.ar\/en\/contabilidad-de-un-pais\/\" \/>\n<meta property=\"og:locale\" content=\"en_GB\" \/>\n<meta property=\"og:type\" content=\"article\" \/>\n<meta property=\"og:title\" content=\"\u226bLa Contabilidad de un Pa\u00eds\" \/>\n<meta property=\"og:description\" content=\"La contabilidad nacional es el sistema de cuentas que registra todas las actividades econ\u00f3micas realizadas en una econom\u00eda determinada, present\u00e1ndola de forma agregada en un tiempo determinado.\" \/>\n<meta property=\"og:url\" content=\"https:\/\/emalonso.com.ar\/en\/contabilidad-de-un-pais\/\" \/>\n<meta property=\"og:site_name\" content=\"Estudio Miguel Alonso\" \/>\n<meta property=\"article:published_time\" content=\"2021-01-11T04:59:36+00:00\" \/>\n<meta property=\"og:image\" content=\"https:\/\/emalonso.com.ar\/wp-content\/uploads\/2021\/01\/7.jpg\" \/>\n\t<meta property=\"og:image:width\" content=\"1200\" \/>\n\t<meta property=\"og:image:height\" content=\"800\" \/>\n\t<meta property=\"og:image:type\" content=\"image\/jpeg\" \/>\n<meta name=\"author\" content=\"E.A.A.\" \/>\n<meta name=\"twitter:card\" content=\"summary_large_image\" \/>\n<meta name=\"twitter:label1\" content=\"Written by\" \/>\n\t<meta name=\"twitter:data1\" content=\"E.A.A.\" \/>\n\t<meta name=\"twitter:label2\" content=\"Estimated reading time\" \/>\n\t<meta name=\"twitter:data2\" content=\"2 minutes\" \/>\n<script type=\"application\/ld+json\" class=\"yoast-schema-graph\">{\"@context\":\"https:\/\/schema.org\",\"@graph\":[{\"@type\":\"Article\",\"@id\":\"https:\/\/emalonso.com.ar\/en\/contabilidad-de-un-pais\/#article\",\"isPartOf\":{\"@id\":\"https:\/\/emalonso.com.ar\/en\/contabilidad-de-un-pais\/\"},\"author\":{\"name\":\"E.A.A.\",\"@id\":\"https:\/\/emalonso.com.ar\/#\/schema\/person\/0fc2f4ea11398484f085e68fc940a8ee\"},\"headline\":\"La Contabilidad de un Pa\u00eds\",\"datePublished\":\"2021-01-11T04:59:36+00:00\",\"dateModified\":\"2021-01-11T04:59:36+00:00\",\"mainEntityOfPage\":{\"@id\":\"https:\/\/emalonso.com.ar\/en\/contabilidad-de-un-pais\/\"},\"wordCount\":369,\"publisher\":{\"@id\":\"https:\/\/emalonso.com.ar\/#organization\"},\"image\":{\"@id\":\"https:\/\/emalonso.com.ar\/en\/contabilidad-de-un-pais\/#primaryimage\"},\"thumbnailUrl\":\"https:\/\/emalonso.com.ar\/wp-content\/uploads\/2021\/01\/7.jpg\",\"keywords\":[\"contabilidad\",\"Estudio Contable\"],\"articleSection\":[\"Contabilidad\",\"Empresa\"],\"inLanguage\":\"en-GB\"},{\"@type\":\"WebPage\",\"@id\":\"https:\/\/emalonso.com.ar\/en\/contabilidad-de-un-pais\/\",\"url\":\"https:\/\/emalonso.com.ar\/en\/contabilidad-de-un-pais\/\",\"name\":\"\u226bLa Contabilidad de un Pa\u00eds\",\"isPartOf\":{\"@id\":\"https:\/\/emalonso.com.ar\/#website\"},\"primaryImageOfPage\":{\"@id\":\"https:\/\/emalonso.com.ar\/en\/contabilidad-de-un-pais\/#primaryimage\"},\"image\":{\"@id\":\"https:\/\/emalonso.com.ar\/en\/contabilidad-de-un-pais\/#primaryimage\"},\"thumbnailUrl\":\"https:\/\/emalonso.com.ar\/wp-content\/uploads\/2021\/01\/7.jpg\",\"datePublished\":\"2021-01-11T04:59:36+00:00\",\"dateModified\":\"2021-01-11T04:59:36+00:00\",\"description\":\"La contabilidad nacional es el sistema de cuentas que registra todas las actividades econ\u00f3micas realizadas en una econom\u00eda determinada, present\u00e1ndola de forma agregada en un tiempo determinado.\",\"breadcrumb\":{\"@id\":\"https:\/\/emalonso.com.ar\/en\/contabilidad-de-un-pais\/#breadcrumb\"},\"inLanguage\":\"en-GB\",\"potentialAction\":[{\"@type\":\"ReadAction\",\"target\":[\"https:\/\/emalonso.com.ar\/en\/contabilidad-de-un-pais\/\"]}]},{\"@type\":\"ImageObject\",\"inLanguage\":\"en-GB\",\"@id\":\"https:\/\/emalonso.com.ar\/en\/contabilidad-de-un-pais\/#primaryimage\",\"url\":\"https:\/\/emalonso.com.ar\/wp-content\/uploads\/2021\/01\/7.jpg\",\"contentUrl\":\"https:\/\/emalonso.com.ar\/wp-content\/uploads\/2021\/01\/7.jpg\",\"width\":1200,\"height\":800,\"caption\":\"Estudio Contable Buenos Aires\"},{\"@type\":\"BreadcrumbList\",\"@id\":\"https:\/\/emalonso.com.ar\/en\/contabilidad-de-un-pais\/#breadcrumb\",\"itemListElement\":[{\"@type\":\"ListItem\",\"position\":1,\"name\":\"Portada\",\"item\":\"https:\/\/emalonso.com.ar\/\"},{\"@type\":\"ListItem\",\"position\":2,\"name\":\"La Contabilidad de un Pa\u00eds\"}]},{\"@type\":\"WebSite\",\"@id\":\"https:\/\/emalonso.com.ar\/#website\",\"url\":\"https:\/\/emalonso.com.ar\/\",\"name\":\"Estudio Miguel Alonso\",\"description\":\"Estudio Contable e Impositivo\",\"publisher\":{\"@id\":\"https:\/\/emalonso.com.ar\/#organization\"},\"potentialAction\":[{\"@type\":\"SearchAction\",\"target\":{\"@type\":\"EntryPoint\",\"urlTemplate\":\"https:\/\/emalonso.com.ar\/?s={search_term_string}\"},\"query-input\":\"required name=search_term_string\"}],\"inLanguage\":\"en-GB\"},{\"@type\":\"Organization\",\"@id\":\"https:\/\/emalonso.com.ar\/#organization\",\"name\":\"Estudio Contable Alonso y Asociados\",\"url\":\"https:\/\/emalonso.com.ar\/\",\"logo\":{\"@type\":\"ImageObject\",\"inLanguage\":\"en-GB\",\"@id\":\"https:\/\/emalonso.com.ar\/#\/schema\/logo\/image\/\",\"url\":\"https:\/\/emalonso.com.ar\/wp-content\/uploads\/2020\/05\/Disen\u0303o-sin-ti\u0301tulo-56.png\",\"contentUrl\":\"https:\/\/emalonso.com.ar\/wp-content\/uploads\/2020\/05\/Disen\u0303o-sin-ti\u0301tulo-56.png\",\"width\":500,\"height\":500,\"caption\":\"Estudio Contable Alonso y Asociados\"},\"image\":{\"@id\":\"https:\/\/emalonso.com.ar\/#\/schema\/logo\/image\/\"}},{\"@type\":\"Person\",\"@id\":\"https:\/\/emalonso.com.ar\/#\/schema\/person\/0fc2f4ea11398484f085e68fc940a8ee\",\"name\":\"E.A.A.\",\"url\":\"https:\/\/emalonso.com.ar\/en\/author\/c1740958\/\"}]}<\/script>\n<!-- \/ Yoast SEO plugin. -->","yoast_head_json":{"title":"\u226bLa Contabilidad de un Pa\u00eds","description":"La contabilidad nacional es el sistema de cuentas que registra todas las actividades econ\u00f3micas realizadas en una econom\u00eda determinada, present\u00e1ndola de forma agregada en un tiempo determinado.","robots":{"index":"index","follow":"follow","max-snippet":"max-snippet:-1","max-image-preview":"max-image-preview:large","max-video-preview":"max-video-preview:-1"},"canonical":"https:\/\/emalonso.com.ar\/en\/contabilidad-de-un-pais\/","og_locale":"en_GB","og_type":"article","og_title":"\u226bLa Contabilidad de un Pa\u00eds","og_description":"La contabilidad nacional es el sistema de cuentas que registra todas las actividades econ\u00f3micas realizadas en una econom\u00eda determinada, present\u00e1ndola de forma agregada en un tiempo determinado.","og_url":"https:\/\/emalonso.com.ar\/en\/contabilidad-de-un-pais\/","og_site_name":"Estudio Miguel Alonso","article_published_time":"2021-01-11T04:59:36+00:00","og_image":[{"width":1200,"height":800,"url":"https:\/\/emalonso.com.ar\/wp-content\/uploads\/2021\/01\/7.jpg","type":"image\/jpeg"}],"author":"E.A.A.","twitter_card":"summary_large_image","twitter_misc":{"Written by":"E.A.A.","Estimated reading time":"2 minutes"},"schema":{"@context":"https:\/\/schema.org","@graph":[{"@type":"Article","@id":"https:\/\/emalonso.com.ar\/en\/contabilidad-de-un-pais\/#article","isPartOf":{"@id":"https:\/\/emalonso.com.ar\/en\/contabilidad-de-un-pais\/"},"author":{"name":"E.A.A.","@id":"https:\/\/emalonso.com.ar\/#\/schema\/person\/0fc2f4ea11398484f085e68fc940a8ee"},"headline":"La Contabilidad de un Pa\u00eds","datePublished":"2021-01-11T04:59:36+00:00","dateModified":"2021-01-11T04:59:36+00:00","mainEntityOfPage":{"@id":"https:\/\/emalonso.com.ar\/en\/contabilidad-de-un-pais\/"},"wordCount":369,"publisher":{"@id":"https:\/\/emalonso.com.ar\/#organization"},"image":{"@id":"https:\/\/emalonso.com.ar\/en\/contabilidad-de-un-pais\/#primaryimage"},"thumbnailUrl":"https:\/\/emalonso.com.ar\/wp-content\/uploads\/2021\/01\/7.jpg","keywords":["contabilidad","Estudio Contable"],"articleSection":["Contabilidad","Empresa"],"inLanguage":"en-GB"},{"@type":"WebPage","@id":"https:\/\/emalonso.com.ar\/en\/contabilidad-de-un-pais\/","url":"https:\/\/emalonso.com.ar\/en\/contabilidad-de-un-pais\/","name":"\u226bLa Contabilidad de un Pa\u00eds","isPartOf":{"@id":"https:\/\/emalonso.com.ar\/#website"},"primaryImageOfPage":{"@id":"https:\/\/emalonso.com.ar\/en\/contabilidad-de-un-pais\/#primaryimage"},"image":{"@id":"https:\/\/emalonso.com.ar\/en\/contabilidad-de-un-pais\/#primaryimage"},"thumbnailUrl":"https:\/\/emalonso.com.ar\/wp-content\/uploads\/2021\/01\/7.jpg","datePublished":"2021-01-11T04:59:36+00:00","dateModified":"2021-01-11T04:59:36+00:00","description":"La contabilidad nacional es el sistema de cuentas que registra todas las actividades econ\u00f3micas realizadas en una econom\u00eda determinada, present\u00e1ndola de forma agregada en un tiempo determinado.","breadcrumb":{"@id":"https:\/\/emalonso.com.ar\/en\/contabilidad-de-un-pais\/#breadcrumb"},"inLanguage":"en-GB","potentialAction":[{"@type":"ReadAction","target":["https:\/\/emalonso.com.ar\/en\/contabilidad-de-un-pais\/"]}]},{"@type":"ImageObject","inLanguage":"en-GB","@id":"https:\/\/emalonso.com.ar\/en\/contabilidad-de-un-pais\/#primaryimage","url":"https:\/\/emalonso.com.ar\/wp-content\/uploads\/2021\/01\/7.jpg","contentUrl":"https:\/\/emalonso.com.ar\/wp-content\/uploads\/2021\/01\/7.jpg","width":1200,"height":800,"caption":"Estudio Contable Buenos Aires"},{"@type":"BreadcrumbList","@id":"https:\/\/emalonso.com.ar\/en\/contabilidad-de-un-pais\/#breadcrumb","itemListElement":[{"@type":"ListItem","position":1,"name":"Portada","item":"https:\/\/emalonso.com.ar\/"},{"@type":"ListItem","position":2,"name":"La Contabilidad de un Pa\u00eds"}]},{"@type":"WebSite","@id":"https:\/\/emalonso.com.ar\/#website","url":"https:\/\/emalonso.com.ar\/","name":"Estudio Miguel Alonso","description":"Accounting and Tax Firm","publisher":{"@id":"https:\/\/emalonso.com.ar\/#organization"},"potentialAction":[{"@type":"SearchAction","target":{"@type":"EntryPoint","urlTemplate":"https:\/\/emalonso.com.ar\/?s={search_term_string}"},"query-input":"required name=search_term_string"}],"inLanguage":"en-GB"},{"@type":"Organization","@id":"https:\/\/emalonso.com.ar\/#organization","name":"Estudio Contable Alonso y Asociados","url":"https:\/\/emalonso.com.ar\/","logo":{"@type":"ImageObject","inLanguage":"en-GB","@id":"https:\/\/emalonso.com.ar\/#\/schema\/logo\/image\/","url":"https:\/\/emalonso.com.ar\/wp-content\/uploads\/2020\/05\/Disen\u0303o-sin-ti\u0301tulo-56.png","contentUrl":"https:\/\/emalonso.com.ar\/wp-content\/uploads\/2020\/05\/Disen\u0303o-sin-ti\u0301tulo-56.png","width":500,"height":500,"caption":"Estudio Contable Alonso y Asociados"},"image":{"@id":"https:\/\/emalonso.com.ar\/#\/schema\/logo\/image\/"}},{"@type":"Person","@id":"https:\/\/emalonso.com.ar\/#\/schema\/person\/0fc2f4ea11398484f085e68fc940a8ee","name":"E.A.A.","url":"https:\/\/emalonso.com.ar\/en\/author\/c1740958\/"}]}},"_links":{"self":[{"href":"https:\/\/emalonso.com.ar\/en\/wp-json\/wp\/v2\/posts\/7706"}],"collection":[{"href":"https:\/\/emalonso.com.ar\/en\/wp-json\/wp\/v2\/posts"}],"about":[{"href":"https:\/\/emalonso.com.ar\/en\/wp-json\/wp\/v2\/types\/post"}],"author":[{"embeddable":true,"href":"https:\/\/emalonso.com.ar\/en\/wp-json\/wp\/v2\/users\/2"}],"replies":[{"embeddable":true,"href":"https:\/\/emalonso.com.ar\/en\/wp-json\/wp\/v2\/comments?post=7706"}],"version-history":[{"count":0,"href":"https:\/\/emalonso.com.ar\/en\/wp-json\/wp\/v2\/posts\/7706\/revisions"}],"wp:featuredmedia":[{"embeddable":true,"href":"https:\/\/emalonso.com.ar\/en\/wp-json\/wp\/v2\/media\/7707"}],"wp:attachment":[{"href":"https:\/\/emalonso.com.ar\/en\/wp-json\/wp\/v2\/media?parent=7706"}],"wp:term":[{"taxonomy":"category","embeddable":true,"href":"https:\/\/emalonso.com.ar\/en\/wp-json\/wp\/v2\/categories?post=7706"},{"taxonomy":"post_tag","embeddable":true,"href":"https:\/\/emalonso.com.ar\/en\/wp-json\/wp\/v2\/tags?post=7706"}],"curies":[{"name":"wp","href":"https:\/\/api.w.org\/{rel}","templated":true}]}}