{"id":7655,"date":"2020-11-14T14:42:32","date_gmt":"2020-11-14T17:42:32","guid":{"rendered":"https:\/\/emalonso.com.ar\/?p=7655"},"modified":"2020-11-14T14:42:33","modified_gmt":"2020-11-14T17:42:33","slug":"proteccion-de-datos","status":"publish","type":"post","link":"https:\/\/emalonso.com.ar\/en\/proteccion-de-datos\/","title":{"rendered":"Protecci\u00f3n de Datos"},"content":{"rendered":"<p>Hablar de la protecci\u00f3n de datos de las empresas, es hablar de seguridad de la informaci\u00f3n y protecci\u00f3n de datos de car\u00e1cter personal o como ahora se denomina de una forma m\u00e1s cool: de Ciberseguridad y Privacidad de la empresa.<br>La Ciberseguridad y la privacidad, poco a poco van teniendo presencia en todo lo que nos rodea, incluso en la legislaci\u00f3n de aspectos tales como la protecci\u00f3n de las infraestructuras cr\u00edticas o los servicios de intermediaci\u00f3n bancaria.<\/p>\n\n\n\n<h3 class=\"wp-block-heading\">Pero.. \u00bfqu\u00e9 es proteger los datos? y \u00bfc\u00f3mo se hace?<\/h3>\n\n\n\n<p>Los principios b\u00e1sicos que deben ser aplicados, sirven tanto para una peque\u00f1a empresa, como para una mediana o gran empresa.<br>Lo que difiere, l\u00f3gicamente, son sus capacidades humanas y econ\u00f3micas para enfrentarse a las ciberamenazas y a los ciberatacantes.<br>Capacidades que permiten disponer de herramientas, procedimientos y servicios adecuados al volumen de empresa y gasto en tecnolog\u00edas de las redes y los sistemas de informaci\u00f3n que manejan.<\/p>\n\n\n\n<h3 class=\"wp-block-heading\">Los principios b\u00e1sicos son:<\/h3>\n\n\n\n<ul><li>Conocer qu\u00e9 tipo de informaci\u00f3n tratamos (datos importantes para la empresa, secretos comerciales, datos de car\u00e1cter personal,..). Bajo el t\u00e9rmino \u201ctratar\u201d se encuentran acciones tales como: recoger, procesar, almacenar, transmitir y destruir (si, destruir, aunque solemos olvidarnos de esta importante acci\u00f3n sobre los datos).<\/li><\/ul>\n\n\n\n<ul><li>Valorar la informaci\u00f3n y clasificarla (confidencial, publica,..).; ya que no se puede proteger adecuadamente lo que no se sabe que es importante y el da\u00f1o que nos provocar\u00eda su p\u00e9rdida. Una empresa peque\u00f1a no la clasificar\u00e1 formalmente, pero s\u00ed debe \u201cmentalmente\u201d saber si la puede exponer o no, cada clase de informaci\u00f3n que maneje.<\/li><\/ul>\n\n\n\n<ul><li>Designar responsables de esa protecci\u00f3n en las empresas (si no, caeremos en el \u201calguien har\u00e1 algo sobre algo\u201d).<\/li><\/ul>\n\n\n\n<ul><li>Identificar qu\u00e9 amenazas se puede materializar. Ya sea esta materializaci\u00f3n, de forma directa sobre la informaci\u00f3n o de forma indirecta, a trav\u00e9s de los sistemas inform\u00e1ticos que la tratan.<\/li><\/ul>\n\n\n\n<ul><li>Valorar c\u00f3mo de probable es que se produzca y que impacto tendr\u00eda sobre mi negocio y prepararse para lo peor.<\/li><\/ul>\n\n\n\n<p><em>Porque lo peor puede producirse, tal es as\u00ed que por eso el legislador contempla cada vez m\u00e1s y en m\u00e1s \u00e1mbitos incluso en el m\u00e9dico, esa posibilidad.<\/em><\/p>","protected":false},"excerpt":{"rendered":"<p>Hablar de la protecci\u00f3n de datos de las empresas, es hablar de seguridad de la informaci\u00f3n y protecci\u00f3n de datos de car\u00e1cter personal o como ahora se denomina de una forma m\u00e1s cool: de Ciberseguridad y Privacidad de la empresa.La Ciberseguridad y la privacidad, poco a poco van teniendo presencia en todo lo que nos [&hellip;]<\/p>","protected":false},"author":2,"featured_media":7656,"comment_status":"closed","ping_status":"closed","sticky":false,"template":"","format":"standard","meta":{"footnotes":""},"categories":[36,31,68],"tags":[23,69],"yoast_head":"<!-- This site is optimized with the Yoast SEO plugin v22.6 - https:\/\/yoast.com\/wordpress\/plugins\/seo\/ -->\n<title>\u226bProtecci\u00f3n de Datos<\/title>\n<meta name=\"description\" content=\"Hablar de la protecci\u00f3n de los datos de la empresa es hablar de la seguridad de la informaci\u00f3n y la protecci\u00f3n de los datos personales, o de una manera m\u00e1s fresca ahora: seguridad de la red y privacidad de la empresa.\" \/>\n<meta name=\"robots\" content=\"index, follow, max-snippet:-1, max-image-preview:large, max-video-preview:-1\" \/>\n<link rel=\"canonical\" href=\"https:\/\/emalonso.com.ar\/en\/proteccion-de-datos\/\" \/>\n<meta property=\"og:locale\" content=\"en_GB\" \/>\n<meta property=\"og:type\" content=\"article\" \/>\n<meta property=\"og:title\" content=\"\u226bProtecci\u00f3n de Datos\" \/>\n<meta property=\"og:description\" content=\"Hablar de la protecci\u00f3n de los datos de la empresa es hablar de la seguridad de la informaci\u00f3n y la protecci\u00f3n de los datos personales, o de una manera m\u00e1s fresca ahora: seguridad de la red y privacidad de la empresa.\" \/>\n<meta property=\"og:url\" content=\"https:\/\/emalonso.com.ar\/en\/proteccion-de-datos\/\" \/>\n<meta property=\"og:site_name\" content=\"Estudio Miguel Alonso\" \/>\n<meta property=\"article:published_time\" content=\"2020-11-14T17:42:32+00:00\" \/>\n<meta property=\"article:modified_time\" content=\"2020-11-14T17:42:33+00:00\" \/>\n<meta property=\"og:image\" content=\"https:\/\/emalonso.com.ar\/wp-content\/uploads\/2020\/11\/6-1.jpg\" \/>\n\t<meta property=\"og:image:width\" content=\"1200\" \/>\n\t<meta property=\"og:image:height\" content=\"800\" \/>\n\t<meta property=\"og:image:type\" content=\"image\/jpeg\" \/>\n<meta name=\"author\" content=\"E.A.A.\" \/>\n<meta name=\"twitter:card\" content=\"summary_large_image\" \/>\n<meta name=\"twitter:label1\" content=\"Written by\" \/>\n\t<meta name=\"twitter:data1\" content=\"E.A.A.\" \/>\n\t<meta name=\"twitter:label2\" content=\"Estimated reading time\" \/>\n\t<meta name=\"twitter:data2\" content=\"2 minutes\" \/>\n<script type=\"application\/ld+json\" class=\"yoast-schema-graph\">{\"@context\":\"https:\/\/schema.org\",\"@graph\":[{\"@type\":\"Article\",\"@id\":\"https:\/\/emalonso.com.ar\/en\/proteccion-de-datos\/#article\",\"isPartOf\":{\"@id\":\"https:\/\/emalonso.com.ar\/en\/proteccion-de-datos\/\"},\"author\":{\"name\":\"E.A.A.\",\"@id\":\"https:\/\/emalonso.com.ar\/#\/schema\/person\/0fc2f4ea11398484f085e68fc940a8ee\"},\"headline\":\"Protecci\u00f3n de Datos\",\"datePublished\":\"2020-11-14T17:42:32+00:00\",\"dateModified\":\"2020-11-14T17:42:33+00:00\",\"mainEntityOfPage\":{\"@id\":\"https:\/\/emalonso.com.ar\/en\/proteccion-de-datos\/\"},\"wordCount\":391,\"publisher\":{\"@id\":\"https:\/\/emalonso.com.ar\/#organization\"},\"image\":{\"@id\":\"https:\/\/emalonso.com.ar\/en\/proteccion-de-datos\/#primaryimage\"},\"thumbnailUrl\":\"https:\/\/emalonso.com.ar\/wp-content\/uploads\/2020\/11\/6-1.jpg\",\"keywords\":[\"Estudio Contable\",\"Seguridad Empresarial\"],\"articleSection\":[\"Empresa\",\"Finanzas\",\"Seguridad\"],\"inLanguage\":\"en-GB\"},{\"@type\":\"WebPage\",\"@id\":\"https:\/\/emalonso.com.ar\/en\/proteccion-de-datos\/\",\"url\":\"https:\/\/emalonso.com.ar\/en\/proteccion-de-datos\/\",\"name\":\"\u226bProtecci\u00f3n de Datos\",\"isPartOf\":{\"@id\":\"https:\/\/emalonso.com.ar\/#website\"},\"primaryImageOfPage\":{\"@id\":\"https:\/\/emalonso.com.ar\/en\/proteccion-de-datos\/#primaryimage\"},\"image\":{\"@id\":\"https:\/\/emalonso.com.ar\/en\/proteccion-de-datos\/#primaryimage\"},\"thumbnailUrl\":\"https:\/\/emalonso.com.ar\/wp-content\/uploads\/2020\/11\/6-1.jpg\",\"datePublished\":\"2020-11-14T17:42:32+00:00\",\"dateModified\":\"2020-11-14T17:42:33+00:00\",\"description\":\"Hablar de la protecci\u00f3n de los datos de la empresa es hablar de la seguridad de la informaci\u00f3n y la protecci\u00f3n de los datos personales, o de una manera m\u00e1s fresca ahora: seguridad de la red y privacidad de la empresa.\",\"breadcrumb\":{\"@id\":\"https:\/\/emalonso.com.ar\/en\/proteccion-de-datos\/#breadcrumb\"},\"inLanguage\":\"en-GB\",\"potentialAction\":[{\"@type\":\"ReadAction\",\"target\":[\"https:\/\/emalonso.com.ar\/en\/proteccion-de-datos\/\"]}]},{\"@type\":\"ImageObject\",\"inLanguage\":\"en-GB\",\"@id\":\"https:\/\/emalonso.com.ar\/en\/proteccion-de-datos\/#primaryimage\",\"url\":\"https:\/\/emalonso.com.ar\/wp-content\/uploads\/2020\/11\/6-1.jpg\",\"contentUrl\":\"https:\/\/emalonso.com.ar\/wp-content\/uploads\/2020\/11\/6-1.jpg\",\"width\":1200,\"height\":800,\"caption\":\"Estudio Contable Buenos Aires\"},{\"@type\":\"BreadcrumbList\",\"@id\":\"https:\/\/emalonso.com.ar\/en\/proteccion-de-datos\/#breadcrumb\",\"itemListElement\":[{\"@type\":\"ListItem\",\"position\":1,\"name\":\"Portada\",\"item\":\"https:\/\/emalonso.com.ar\/\"},{\"@type\":\"ListItem\",\"position\":2,\"name\":\"Protecci\u00f3n de Datos\"}]},{\"@type\":\"WebSite\",\"@id\":\"https:\/\/emalonso.com.ar\/#website\",\"url\":\"https:\/\/emalonso.com.ar\/\",\"name\":\"Estudio Miguel Alonso\",\"description\":\"Estudio Contable e Impositivo\",\"publisher\":{\"@id\":\"https:\/\/emalonso.com.ar\/#organization\"},\"potentialAction\":[{\"@type\":\"SearchAction\",\"target\":{\"@type\":\"EntryPoint\",\"urlTemplate\":\"https:\/\/emalonso.com.ar\/?s={search_term_string}\"},\"query-input\":\"required name=search_term_string\"}],\"inLanguage\":\"en-GB\"},{\"@type\":\"Organization\",\"@id\":\"https:\/\/emalonso.com.ar\/#organization\",\"name\":\"Estudio Contable Alonso y Asociados\",\"url\":\"https:\/\/emalonso.com.ar\/\",\"logo\":{\"@type\":\"ImageObject\",\"inLanguage\":\"en-GB\",\"@id\":\"https:\/\/emalonso.com.ar\/#\/schema\/logo\/image\/\",\"url\":\"https:\/\/emalonso.com.ar\/wp-content\/uploads\/2020\/05\/Disen\u0303o-sin-ti\u0301tulo-56.png\",\"contentUrl\":\"https:\/\/emalonso.com.ar\/wp-content\/uploads\/2020\/05\/Disen\u0303o-sin-ti\u0301tulo-56.png\",\"width\":500,\"height\":500,\"caption\":\"Estudio Contable Alonso y Asociados\"},\"image\":{\"@id\":\"https:\/\/emalonso.com.ar\/#\/schema\/logo\/image\/\"}},{\"@type\":\"Person\",\"@id\":\"https:\/\/emalonso.com.ar\/#\/schema\/person\/0fc2f4ea11398484f085e68fc940a8ee\",\"name\":\"E.A.A.\",\"url\":\"https:\/\/emalonso.com.ar\/en\/author\/c1740958\/\"}]}<\/script>\n<!-- \/ Yoast SEO plugin. -->","yoast_head_json":{"title":"\u226bProtecci\u00f3n de Datos","description":"Hablar de la protecci\u00f3n de los datos de la empresa es hablar de la seguridad de la informaci\u00f3n y la protecci\u00f3n de los datos personales, o de una manera m\u00e1s fresca ahora: seguridad de la red y privacidad de la empresa.","robots":{"index":"index","follow":"follow","max-snippet":"max-snippet:-1","max-image-preview":"max-image-preview:large","max-video-preview":"max-video-preview:-1"},"canonical":"https:\/\/emalonso.com.ar\/en\/proteccion-de-datos\/","og_locale":"en_GB","og_type":"article","og_title":"\u226bProtecci\u00f3n de Datos","og_description":"Hablar de la protecci\u00f3n de los datos de la empresa es hablar de la seguridad de la informaci\u00f3n y la protecci\u00f3n de los datos personales, o de una manera m\u00e1s fresca ahora: seguridad de la red y privacidad de la empresa.","og_url":"https:\/\/emalonso.com.ar\/en\/proteccion-de-datos\/","og_site_name":"Estudio Miguel Alonso","article_published_time":"2020-11-14T17:42:32+00:00","article_modified_time":"2020-11-14T17:42:33+00:00","og_image":[{"width":1200,"height":800,"url":"https:\/\/emalonso.com.ar\/wp-content\/uploads\/2020\/11\/6-1.jpg","type":"image\/jpeg"}],"author":"E.A.A.","twitter_card":"summary_large_image","twitter_misc":{"Written by":"E.A.A.","Estimated reading time":"2 minutes"},"schema":{"@context":"https:\/\/schema.org","@graph":[{"@type":"Article","@id":"https:\/\/emalonso.com.ar\/en\/proteccion-de-datos\/#article","isPartOf":{"@id":"https:\/\/emalonso.com.ar\/en\/proteccion-de-datos\/"},"author":{"name":"E.A.A.","@id":"https:\/\/emalonso.com.ar\/#\/schema\/person\/0fc2f4ea11398484f085e68fc940a8ee"},"headline":"Protecci\u00f3n de Datos","datePublished":"2020-11-14T17:42:32+00:00","dateModified":"2020-11-14T17:42:33+00:00","mainEntityOfPage":{"@id":"https:\/\/emalonso.com.ar\/en\/proteccion-de-datos\/"},"wordCount":391,"publisher":{"@id":"https:\/\/emalonso.com.ar\/#organization"},"image":{"@id":"https:\/\/emalonso.com.ar\/en\/proteccion-de-datos\/#primaryimage"},"thumbnailUrl":"https:\/\/emalonso.com.ar\/wp-content\/uploads\/2020\/11\/6-1.jpg","keywords":["Estudio Contable","Seguridad Empresarial"],"articleSection":["Empresa","Finanzas","Seguridad"],"inLanguage":"en-GB"},{"@type":"WebPage","@id":"https:\/\/emalonso.com.ar\/en\/proteccion-de-datos\/","url":"https:\/\/emalonso.com.ar\/en\/proteccion-de-datos\/","name":"\u226bProtecci\u00f3n de Datos","isPartOf":{"@id":"https:\/\/emalonso.com.ar\/#website"},"primaryImageOfPage":{"@id":"https:\/\/emalonso.com.ar\/en\/proteccion-de-datos\/#primaryimage"},"image":{"@id":"https:\/\/emalonso.com.ar\/en\/proteccion-de-datos\/#primaryimage"},"thumbnailUrl":"https:\/\/emalonso.com.ar\/wp-content\/uploads\/2020\/11\/6-1.jpg","datePublished":"2020-11-14T17:42:32+00:00","dateModified":"2020-11-14T17:42:33+00:00","description":"Hablar de la protecci\u00f3n de los datos de la empresa es hablar de la seguridad de la informaci\u00f3n y la protecci\u00f3n de los datos personales, o de una manera m\u00e1s fresca ahora: seguridad de la red y privacidad de la empresa.","breadcrumb":{"@id":"https:\/\/emalonso.com.ar\/en\/proteccion-de-datos\/#breadcrumb"},"inLanguage":"en-GB","potentialAction":[{"@type":"ReadAction","target":["https:\/\/emalonso.com.ar\/en\/proteccion-de-datos\/"]}]},{"@type":"ImageObject","inLanguage":"en-GB","@id":"https:\/\/emalonso.com.ar\/en\/proteccion-de-datos\/#primaryimage","url":"https:\/\/emalonso.com.ar\/wp-content\/uploads\/2020\/11\/6-1.jpg","contentUrl":"https:\/\/emalonso.com.ar\/wp-content\/uploads\/2020\/11\/6-1.jpg","width":1200,"height":800,"caption":"Estudio Contable Buenos Aires"},{"@type":"BreadcrumbList","@id":"https:\/\/emalonso.com.ar\/en\/proteccion-de-datos\/#breadcrumb","itemListElement":[{"@type":"ListItem","position":1,"name":"Portada","item":"https:\/\/emalonso.com.ar\/"},{"@type":"ListItem","position":2,"name":"Protecci\u00f3n de Datos"}]},{"@type":"WebSite","@id":"https:\/\/emalonso.com.ar\/#website","url":"https:\/\/emalonso.com.ar\/","name":"Estudio Miguel Alonso","description":"Accounting and Tax Firm","publisher":{"@id":"https:\/\/emalonso.com.ar\/#organization"},"potentialAction":[{"@type":"SearchAction","target":{"@type":"EntryPoint","urlTemplate":"https:\/\/emalonso.com.ar\/?s={search_term_string}"},"query-input":"required name=search_term_string"}],"inLanguage":"en-GB"},{"@type":"Organization","@id":"https:\/\/emalonso.com.ar\/#organization","name":"Estudio Contable Alonso y Asociados","url":"https:\/\/emalonso.com.ar\/","logo":{"@type":"ImageObject","inLanguage":"en-GB","@id":"https:\/\/emalonso.com.ar\/#\/schema\/logo\/image\/","url":"https:\/\/emalonso.com.ar\/wp-content\/uploads\/2020\/05\/Disen\u0303o-sin-ti\u0301tulo-56.png","contentUrl":"https:\/\/emalonso.com.ar\/wp-content\/uploads\/2020\/05\/Disen\u0303o-sin-ti\u0301tulo-56.png","width":500,"height":500,"caption":"Estudio Contable Alonso y Asociados"},"image":{"@id":"https:\/\/emalonso.com.ar\/#\/schema\/logo\/image\/"}},{"@type":"Person","@id":"https:\/\/emalonso.com.ar\/#\/schema\/person\/0fc2f4ea11398484f085e68fc940a8ee","name":"E.A.A.","url":"https:\/\/emalonso.com.ar\/en\/author\/c1740958\/"}]}},"_links":{"self":[{"href":"https:\/\/emalonso.com.ar\/en\/wp-json\/wp\/v2\/posts\/7655"}],"collection":[{"href":"https:\/\/emalonso.com.ar\/en\/wp-json\/wp\/v2\/posts"}],"about":[{"href":"https:\/\/emalonso.com.ar\/en\/wp-json\/wp\/v2\/types\/post"}],"author":[{"embeddable":true,"href":"https:\/\/emalonso.com.ar\/en\/wp-json\/wp\/v2\/users\/2"}],"replies":[{"embeddable":true,"href":"https:\/\/emalonso.com.ar\/en\/wp-json\/wp\/v2\/comments?post=7655"}],"version-history":[{"count":0,"href":"https:\/\/emalonso.com.ar\/en\/wp-json\/wp\/v2\/posts\/7655\/revisions"}],"wp:featuredmedia":[{"embeddable":true,"href":"https:\/\/emalonso.com.ar\/en\/wp-json\/wp\/v2\/media\/7656"}],"wp:attachment":[{"href":"https:\/\/emalonso.com.ar\/en\/wp-json\/wp\/v2\/media?parent=7655"}],"wp:term":[{"taxonomy":"category","embeddable":true,"href":"https:\/\/emalonso.com.ar\/en\/wp-json\/wp\/v2\/categories?post=7655"},{"taxonomy":"post_tag","embeddable":true,"href":"https:\/\/emalonso.com.ar\/en\/wp-json\/wp\/v2\/tags?post=7655"}],"curies":[{"name":"wp","href":"https:\/\/api.w.org\/{rel}","templated":true}]}}