{"id":7638,"date":"2020-11-06T10:23:00","date_gmt":"2020-11-06T13:23:00","guid":{"rendered":"https:\/\/emalonso.com.ar\/?p=7638"},"modified":"2020-11-06T10:23:01","modified_gmt":"2020-11-06T13:23:01","slug":"como-ser-un-buen-profesional","status":"publish","type":"post","link":"https:\/\/emalonso.com.ar\/en\/como-ser-un-buen-profesional\/","title":{"rendered":"\u00bfC\u00f3mo ser un Profesional en tu Trabajo?"},"content":{"rendered":"<h3 class=\"wp-block-heading\">\u00bfQu\u00e9 define a un buen profesional?<\/h3>\n\n\n\n<p>El concepto de buen profesional se asocia err\u00f3neamente a un t\u00edtulo en una universidad de prestigio y decenas de certificaciones. Esto es tan solo es una fracci\u00f3n m\u00ednima de todo el camino que recorrer para convertirse en un profesional ejemplar, sea como dependiente o emprendedor.<\/p>\n\n\n\n<h4 class=\"wp-block-heading\">Caracter\u00edsticas que definen a un buen profesional<\/h4>\n\n\n\n<p>Todos construimos una imagen distinta de lo que significa un profesional excelente y exitoso. Estas variantes son culturales, de crianza y nivel de educaci\u00f3n, algunos pueden pensar que con tener un t\u00edtulo universitario basta, mientras que otros enfocan su mirada m\u00e1s en la habilidad y experiencia pr\u00e1ctica. Por nuestro lado te compartiremos nuestra visi\u00f3n en particular de este tema.<\/p>\n\n\n\n<h4 class=\"wp-block-heading\">1) Habilidad para ser colaborativo y resolutivo<\/h4>\n\n\n\n<p>La mentalidad de lobo solitario qued\u00f3 obsoleta hace tiempo, es momento de aprender a trabajar en equipo, a colaborar y expresarte cuando consideres que puedes aportar algo valioso. En la realidad los grupos de trabajo pueden ser m\u00e1s conflictivos de lo que plasman estas palabras.<\/p>\n\n\n\n<p>Ante este escenario la posici\u00f3n correcta es mostrarte resolutivo y colaborador, siempre actuando de forma inteligente y emp\u00e1tica. No es casualidad que en las entrevistas de trabajo hagan preguntas como \u201c\u00bfte sientes bien trabajando solo o en equipo?\u201d, aprende a mediar y entender la manera de trabajar de tus compa\u00f1eros.<\/p>\n\n\n\n<h4 class=\"wp-block-heading\">2) Inteligencia emocional<\/h4>\n\n\n\n<p>Mencionar la inteligencia emocional para algunos solo suena aplicable al plano personal y amoroso. Lo cierto es que esta cualidad se enfoca hacia la capacidad que tiene una persona de mediar y resolver conflictos de manera civilizada manejando sus emociones de manera eficiente. Esto dentro o fuera del trabajo.<\/p>\n\n\n\n<p>El manejo de las emociones es fundamental si se trabaja en equipo. No puedes ir gritando o adelant\u00e1ndote a los hechos por ansiedad en un espacio colaborativo. Aprende a serenarte y expresar tu incomodidad o emociones positivas de forma correcta.<\/p>\n\n\n\n<h4 class=\"wp-block-heading\">3) Actualizaci\u00f3n constante de su oficio o carrera<\/h4>\n\n\n\n<p>En este punto nos adentramos en los aspectos t\u00e9cnicos, tengas o no t\u00edtulo o experiencia. Es importante que si buscas ser un buen profesional te dediques a actualizarte sobre tu oficio, carrera o medio de subsistencia. Con el avance de la tecnolog\u00eda la exigencia es mayor en los puestos de trabajo y tambi\u00e9n para quienes buscan emprender su negocio. La nula actualizaci\u00f3n te pondr\u00e1 en desventaja en plena revoluci\u00f3n del trabajo.<\/p>\n\n\n\n<p>Existen cientos de webs que ofrecen cursos online gratis o precios competitivos. Algunas conocidas son Aulaf\u00e1cil, aprende gratis, coursera, codecademy y edx. En ellos tambi\u00e9n puedes mejorar tu base en idiomas para obtener mejores puestos y oportunidades.<\/p>\n\n\n\n<h4 class=\"wp-block-heading\">4) Organizativo para lograr sus metas<\/h4>\n\n\n\n<p>La falta de organizaci\u00f3n es un pecado en el que un enorme porcentaje de profesionales caen (s\u00ed, me incluyo). Esto nos cuesta tiempo, dinero y oportunidades, por eso aprende a organizarte mejor para lograr tus objetivos y metas.<br>Si tienes una tarea compleja div\u00eddela en peque\u00f1os objetivos para cumplirla sin frustrarte o desistir.<\/p>\n\n\n\n<h4 class=\"wp-block-heading\">5) Receptivo con las cr\u00edticas constructivas<\/h4>\n\n\n\n<p>Una persona cerrada y poca autocr\u00edtica es alguien que no progresa, que se estanca y cae en la mediocridad. \u00c1brete a las cr\u00edticas sin miedo, fallar es normal y lo que queda es tomar la retroalimentaci\u00f3n de compa\u00f1eros y amigos para mejorar. Eso s\u00ed, no te olvides de identificar los comentarios t\u00f3xicos o de desanimo que te alejan de tu meta.<\/p>\n\n\n\n<h4 class=\"wp-block-heading\">6) Disposici\u00f3n a asumir responsabilidades incluso peque\u00f1as<\/h4>\n\n\n\n<p>La responsabilidad es la cualidad m\u00e1s valorada en los profesionales y esto no ha variado en el tiempo. Si quieres ascender debes comenzar a aplicar hasta en las peque\u00f1as cosas. Si te asignan liderar a un grupo de 4 personas afronta el reto y aprende en el camino, lo mismo si debes entregar un informe a tiempo o repartir el caf\u00e9 en la ma\u00f1ana.<\/p>\n\n\n\n<h4 class=\"wp-block-heading\">7) Mentalidad global y abierta<\/h4>\n\n\n\n<p>Lee, instr\u00fayete y aprende otros lenguajes para adquirir una mentalidad global y abierta. Solo de esta manera podr\u00e1s abrirte al mundo y conseguir mejores oportunidades de desarrollo profesional. Este es uno de los retos m\u00e1s complicados, toma tiempo, paciencia y enfoque al logro \u00a1empieza a trabajar por ello!<\/p>\n\n\n\n<h4 class=\"wp-block-heading\">8) Superaci\u00f3n de los obst\u00e1culos<\/h4>\n\n\n\n<p>No te dejes derrotar al primer obst\u00e1culo, el fracaso es parte de la vida y a todos nos pasa aunque parezca que no. Ser\u00e9nate y busca soluciones para salir de los problemas y aprende a pedir ayuda cuando sea necesario.<\/p>\n\n\n\n<h4 class=\"wp-block-heading\">9) Conocer sus l\u00edmites<\/h4>\n\n\n\n<p>\u00a1Muy importante seguirla! No te sobrecargues de trabajo si no tienes un enfoque claro y en alg\u00fan momento date tiempo para descansar o darte un agasajo. Todos tenemos un l\u00edmite de resistencia y aunque a veces rompemos las reglas para superarnos cada d\u00eda m\u00e1s no hay que caer en el exceso da\u00f1ino. Si trabajas en equipo no temas delegar.<\/p>\n\n\n\n<h2 class=\"wp-block-heading\">Retos para el profesional moderno<\/h2>\n\n\n\n<p>&#8211;<strong>Superar las distracciones tecnol\u00f3gicas:<\/strong> Las redes sociales, webs de curiosidades, aplicaciones, juegos online y m\u00e1s recursos en ocasiones se vuelven fuertes distractores para el profesional. Este es el origen de la conocida procrastinaci\u00f3n.<br>&#8211;<strong>Superaci\u00f3n salarial:<\/strong> B\u00fasqueda de mayores recursos econ\u00f3micos en medio de las crisis del trabajo.<br>&#8211;<strong>Imagen en internet:<\/strong> Crear un perfil profesional y marca personal en internet es fundamental para obtener mayor proyecci\u00f3n laboral.<br>&#8211;<strong>Lidiar con las crisis del trabajo:<\/strong> Esta situaci\u00f3n no solo se acent\u00faa en Europa, tambi\u00e9n en EE.UU y Latinoam\u00e9rica.<br>&#8211;<strong>Adquisici\u00f3n de experiencia laboral:<\/strong> Para los j\u00f3venes profesionales o que entran en edad de trabajar este punto es uno de los m\u00e1s complejos.<\/p>","protected":false},"excerpt":{"rendered":"<p>\u00bfQu\u00e9 define a un buen profesional? El concepto de buen profesional se asocia err\u00f3neamente a un t\u00edtulo en una universidad de prestigio y decenas de certificaciones. Esto es tan solo es una fracci\u00f3n m\u00ednima de todo el camino que recorrer para convertirse en un profesional ejemplar, sea como dependiente o emprendedor. Caracter\u00edsticas que definen a [&hellip;]<\/p>","protected":false},"author":2,"featured_media":7620,"comment_status":"closed","ping_status":"closed","sticky":false,"template":"","format":"standard","meta":{"footnotes":""},"categories":[22,17,36],"tags":[62,23,61],"yoast_head":"<!-- This site is optimized with the Yoast SEO plugin v22.6 - https:\/\/yoast.com\/wordpress\/plugins\/seo\/ -->\n<title>\u226b\u00bfC\u00f3mo ser un Profesional en tu Trabajo?<\/title>\n<meta name=\"description\" content=\"Todos hemos creado diferentes im\u00e1genes de lo que significan los buenos y exitosos profesionales. Estas variantes tienen niveles culturales, educativos y culturales, algunas personas pueden pensar que tener un t\u00edtulo universitario es suficiente, mientras que otras se enfocan m\u00e1s en habilidades y experiencia pr\u00e1ctica. En lo que a nosotros respecta, compartiremos especialmente nuestras opiniones sobre este tema.\" \/>\n<meta name=\"robots\" content=\"index, follow, max-snippet:-1, max-image-preview:large, max-video-preview:-1\" \/>\n<link rel=\"canonical\" href=\"https:\/\/emalonso.com.ar\/en\/como-ser-un-buen-profesional\/\" \/>\n<meta property=\"og:locale\" content=\"en_GB\" \/>\n<meta property=\"og:type\" content=\"article\" \/>\n<meta property=\"og:title\" content=\"\u226b\u00bfC\u00f3mo ser un Profesional en tu Trabajo?\" \/>\n<meta property=\"og:description\" content=\"Todos hemos creado diferentes im\u00e1genes de lo que significan los buenos y exitosos profesionales. Estas variantes tienen niveles culturales, educativos y culturales, algunas personas pueden pensar que tener un t\u00edtulo universitario es suficiente, mientras que otras se enfocan m\u00e1s en habilidades y experiencia pr\u00e1ctica. En lo que a nosotros respecta, compartiremos especialmente nuestras opiniones sobre este tema.\" \/>\n<meta property=\"og:url\" content=\"https:\/\/emalonso.com.ar\/en\/como-ser-un-buen-profesional\/\" \/>\n<meta property=\"og:site_name\" content=\"Estudio Miguel Alonso\" \/>\n<meta property=\"article:published_time\" content=\"2020-11-06T13:23:00+00:00\" \/>\n<meta property=\"article:modified_time\" content=\"2020-11-06T13:23:01+00:00\" \/>\n<meta property=\"og:image\" content=\"https:\/\/emalonso.com.ar\/wp-content\/uploads\/2020\/10\/26.jpg\" \/>\n\t<meta property=\"og:image:width\" content=\"1200\" \/>\n\t<meta property=\"og:image:height\" content=\"800\" \/>\n\t<meta property=\"og:image:type\" content=\"image\/jpeg\" \/>\n<meta name=\"author\" content=\"E.A.A.\" \/>\n<meta name=\"twitter:card\" content=\"summary_large_image\" \/>\n<meta name=\"twitter:label1\" content=\"Written by\" \/>\n\t<meta name=\"twitter:data1\" content=\"E.A.A.\" \/>\n\t<meta name=\"twitter:label2\" content=\"Estimated reading time\" \/>\n\t<meta name=\"twitter:data2\" content=\"5 minutes\" \/>\n<script type=\"application\/ld+json\" class=\"yoast-schema-graph\">{\"@context\":\"https:\/\/schema.org\",\"@graph\":[{\"@type\":\"Article\",\"@id\":\"https:\/\/emalonso.com.ar\/en\/como-ser-un-buen-profesional\/#article\",\"isPartOf\":{\"@id\":\"https:\/\/emalonso.com.ar\/en\/como-ser-un-buen-profesional\/\"},\"author\":{\"name\":\"E.A.A.\",\"@id\":\"https:\/\/emalonso.com.ar\/#\/schema\/person\/0fc2f4ea11398484f085e68fc940a8ee\"},\"headline\":\"\u00bfC\u00f3mo ser un Profesional en tu Trabajo?\",\"datePublished\":\"2020-11-06T13:23:00+00:00\",\"dateModified\":\"2020-11-06T13:23:01+00:00\",\"mainEntityOfPage\":{\"@id\":\"https:\/\/emalonso.com.ar\/en\/como-ser-un-buen-profesional\/\"},\"wordCount\":962,\"publisher\":{\"@id\":\"https:\/\/emalonso.com.ar\/#organization\"},\"image\":{\"@id\":\"https:\/\/emalonso.com.ar\/en\/como-ser-un-buen-profesional\/#primaryimage\"},\"thumbnailUrl\":\"https:\/\/emalonso.com.ar\/wp-content\/uploads\/2020\/10\/26.jpg\",\"keywords\":[\"Desarrollo Personal\",\"Estudio Contable\",\"Profesional\"],\"articleSection\":[\"Administrativo\",\"Contabilidad\",\"Empresa\"],\"inLanguage\":\"en-GB\"},{\"@type\":\"WebPage\",\"@id\":\"https:\/\/emalonso.com.ar\/en\/como-ser-un-buen-profesional\/\",\"url\":\"https:\/\/emalonso.com.ar\/en\/como-ser-un-buen-profesional\/\",\"name\":\"\u226b\u00bfC\u00f3mo ser un Profesional en tu Trabajo?\",\"isPartOf\":{\"@id\":\"https:\/\/emalonso.com.ar\/#website\"},\"primaryImageOfPage\":{\"@id\":\"https:\/\/emalonso.com.ar\/en\/como-ser-un-buen-profesional\/#primaryimage\"},\"image\":{\"@id\":\"https:\/\/emalonso.com.ar\/en\/como-ser-un-buen-profesional\/#primaryimage\"},\"thumbnailUrl\":\"https:\/\/emalonso.com.ar\/wp-content\/uploads\/2020\/10\/26.jpg\",\"datePublished\":\"2020-11-06T13:23:00+00:00\",\"dateModified\":\"2020-11-06T13:23:01+00:00\",\"description\":\"Todos hemos creado diferentes im\u00e1genes de lo que significan los buenos y exitosos profesionales. Estas variantes tienen niveles culturales, educativos y culturales, algunas personas pueden pensar que tener un t\u00edtulo universitario es suficiente, mientras que otras se enfocan m\u00e1s en habilidades y experiencia pr\u00e1ctica. En lo que a nosotros respecta, compartiremos especialmente nuestras opiniones sobre este tema.\",\"breadcrumb\":{\"@id\":\"https:\/\/emalonso.com.ar\/en\/como-ser-un-buen-profesional\/#breadcrumb\"},\"inLanguage\":\"en-GB\",\"potentialAction\":[{\"@type\":\"ReadAction\",\"target\":[\"https:\/\/emalonso.com.ar\/en\/como-ser-un-buen-profesional\/\"]}]},{\"@type\":\"ImageObject\",\"inLanguage\":\"en-GB\",\"@id\":\"https:\/\/emalonso.com.ar\/en\/como-ser-un-buen-profesional\/#primaryimage\",\"url\":\"https:\/\/emalonso.com.ar\/wp-content\/uploads\/2020\/10\/26.jpg\",\"contentUrl\":\"https:\/\/emalonso.com.ar\/wp-content\/uploads\/2020\/10\/26.jpg\",\"width\":1200,\"height\":800,\"caption\":\"Estudio Contable Buenos Aires\"},{\"@type\":\"BreadcrumbList\",\"@id\":\"https:\/\/emalonso.com.ar\/en\/como-ser-un-buen-profesional\/#breadcrumb\",\"itemListElement\":[{\"@type\":\"ListItem\",\"position\":1,\"name\":\"Portada\",\"item\":\"https:\/\/emalonso.com.ar\/\"},{\"@type\":\"ListItem\",\"position\":2,\"name\":\"\u00bfC\u00f3mo ser un Profesional en tu Trabajo?\"}]},{\"@type\":\"WebSite\",\"@id\":\"https:\/\/emalonso.com.ar\/#website\",\"url\":\"https:\/\/emalonso.com.ar\/\",\"name\":\"Estudio Miguel Alonso\",\"description\":\"Estudio Contable e Impositivo\",\"publisher\":{\"@id\":\"https:\/\/emalonso.com.ar\/#organization\"},\"potentialAction\":[{\"@type\":\"SearchAction\",\"target\":{\"@type\":\"EntryPoint\",\"urlTemplate\":\"https:\/\/emalonso.com.ar\/?s={search_term_string}\"},\"query-input\":\"required name=search_term_string\"}],\"inLanguage\":\"en-GB\"},{\"@type\":\"Organization\",\"@id\":\"https:\/\/emalonso.com.ar\/#organization\",\"name\":\"Estudio Contable Alonso y Asociados\",\"url\":\"https:\/\/emalonso.com.ar\/\",\"logo\":{\"@type\":\"ImageObject\",\"inLanguage\":\"en-GB\",\"@id\":\"https:\/\/emalonso.com.ar\/#\/schema\/logo\/image\/\",\"url\":\"https:\/\/emalonso.com.ar\/wp-content\/uploads\/2020\/05\/Disen\u0303o-sin-ti\u0301tulo-56.png\",\"contentUrl\":\"https:\/\/emalonso.com.ar\/wp-content\/uploads\/2020\/05\/Disen\u0303o-sin-ti\u0301tulo-56.png\",\"width\":500,\"height\":500,\"caption\":\"Estudio Contable Alonso y Asociados\"},\"image\":{\"@id\":\"https:\/\/emalonso.com.ar\/#\/schema\/logo\/image\/\"}},{\"@type\":\"Person\",\"@id\":\"https:\/\/emalonso.com.ar\/#\/schema\/person\/0fc2f4ea11398484f085e68fc940a8ee\",\"name\":\"E.A.A.\",\"url\":\"https:\/\/emalonso.com.ar\/en\/author\/c1740958\/\"}]}<\/script>\n<!-- \/ Yoast SEO plugin. -->","yoast_head_json":{"title":"\u226b\u00bfC\u00f3mo ser un Profesional en tu Trabajo?","description":"Todos hemos creado diferentes im\u00e1genes de lo que significan los buenos y exitosos profesionales. Estas variantes tienen niveles culturales, educativos y culturales, algunas personas pueden pensar que tener un t\u00edtulo universitario es suficiente, mientras que otras se enfocan m\u00e1s en habilidades y experiencia pr\u00e1ctica. En lo que a nosotros respecta, compartiremos especialmente nuestras opiniones sobre este tema.","robots":{"index":"index","follow":"follow","max-snippet":"max-snippet:-1","max-image-preview":"max-image-preview:large","max-video-preview":"max-video-preview:-1"},"canonical":"https:\/\/emalonso.com.ar\/en\/como-ser-un-buen-profesional\/","og_locale":"en_GB","og_type":"article","og_title":"\u226b\u00bfC\u00f3mo ser un Profesional en tu Trabajo?","og_description":"Todos hemos creado diferentes im\u00e1genes de lo que significan los buenos y exitosos profesionales. Estas variantes tienen niveles culturales, educativos y culturales, algunas personas pueden pensar que tener un t\u00edtulo universitario es suficiente, mientras que otras se enfocan m\u00e1s en habilidades y experiencia pr\u00e1ctica. En lo que a nosotros respecta, compartiremos especialmente nuestras opiniones sobre este tema.","og_url":"https:\/\/emalonso.com.ar\/en\/como-ser-un-buen-profesional\/","og_site_name":"Estudio Miguel Alonso","article_published_time":"2020-11-06T13:23:00+00:00","article_modified_time":"2020-11-06T13:23:01+00:00","og_image":[{"width":1200,"height":800,"url":"https:\/\/emalonso.com.ar\/wp-content\/uploads\/2020\/10\/26.jpg","type":"image\/jpeg"}],"author":"E.A.A.","twitter_card":"summary_large_image","twitter_misc":{"Written by":"E.A.A.","Estimated reading time":"5 minutes"},"schema":{"@context":"https:\/\/schema.org","@graph":[{"@type":"Article","@id":"https:\/\/emalonso.com.ar\/en\/como-ser-un-buen-profesional\/#article","isPartOf":{"@id":"https:\/\/emalonso.com.ar\/en\/como-ser-un-buen-profesional\/"},"author":{"name":"E.A.A.","@id":"https:\/\/emalonso.com.ar\/#\/schema\/person\/0fc2f4ea11398484f085e68fc940a8ee"},"headline":"\u00bfC\u00f3mo ser un Profesional en tu Trabajo?","datePublished":"2020-11-06T13:23:00+00:00","dateModified":"2020-11-06T13:23:01+00:00","mainEntityOfPage":{"@id":"https:\/\/emalonso.com.ar\/en\/como-ser-un-buen-profesional\/"},"wordCount":962,"publisher":{"@id":"https:\/\/emalonso.com.ar\/#organization"},"image":{"@id":"https:\/\/emalonso.com.ar\/en\/como-ser-un-buen-profesional\/#primaryimage"},"thumbnailUrl":"https:\/\/emalonso.com.ar\/wp-content\/uploads\/2020\/10\/26.jpg","keywords":["Desarrollo Personal","Estudio Contable","Profesional"],"articleSection":["Administrativo","Contabilidad","Empresa"],"inLanguage":"en-GB"},{"@type":"WebPage","@id":"https:\/\/emalonso.com.ar\/en\/como-ser-un-buen-profesional\/","url":"https:\/\/emalonso.com.ar\/en\/como-ser-un-buen-profesional\/","name":"\u226b\u00bfC\u00f3mo ser un Profesional en tu Trabajo?","isPartOf":{"@id":"https:\/\/emalonso.com.ar\/#website"},"primaryImageOfPage":{"@id":"https:\/\/emalonso.com.ar\/en\/como-ser-un-buen-profesional\/#primaryimage"},"image":{"@id":"https:\/\/emalonso.com.ar\/en\/como-ser-un-buen-profesional\/#primaryimage"},"thumbnailUrl":"https:\/\/emalonso.com.ar\/wp-content\/uploads\/2020\/10\/26.jpg","datePublished":"2020-11-06T13:23:00+00:00","dateModified":"2020-11-06T13:23:01+00:00","description":"Todos hemos creado diferentes im\u00e1genes de lo que significan los buenos y exitosos profesionales. Estas variantes tienen niveles culturales, educativos y culturales, algunas personas pueden pensar que tener un t\u00edtulo universitario es suficiente, mientras que otras se enfocan m\u00e1s en habilidades y experiencia pr\u00e1ctica. En lo que a nosotros respecta, compartiremos especialmente nuestras opiniones sobre este tema.","breadcrumb":{"@id":"https:\/\/emalonso.com.ar\/en\/como-ser-un-buen-profesional\/#breadcrumb"},"inLanguage":"en-GB","potentialAction":[{"@type":"ReadAction","target":["https:\/\/emalonso.com.ar\/en\/como-ser-un-buen-profesional\/"]}]},{"@type":"ImageObject","inLanguage":"en-GB","@id":"https:\/\/emalonso.com.ar\/en\/como-ser-un-buen-profesional\/#primaryimage","url":"https:\/\/emalonso.com.ar\/wp-content\/uploads\/2020\/10\/26.jpg","contentUrl":"https:\/\/emalonso.com.ar\/wp-content\/uploads\/2020\/10\/26.jpg","width":1200,"height":800,"caption":"Estudio Contable Buenos Aires"},{"@type":"BreadcrumbList","@id":"https:\/\/emalonso.com.ar\/en\/como-ser-un-buen-profesional\/#breadcrumb","itemListElement":[{"@type":"ListItem","position":1,"name":"Portada","item":"https:\/\/emalonso.com.ar\/"},{"@type":"ListItem","position":2,"name":"\u00bfC\u00f3mo ser un Profesional en tu Trabajo?"}]},{"@type":"WebSite","@id":"https:\/\/emalonso.com.ar\/#website","url":"https:\/\/emalonso.com.ar\/","name":"Estudio Miguel Alonso","description":"Accounting and Tax Firm","publisher":{"@id":"https:\/\/emalonso.com.ar\/#organization"},"potentialAction":[{"@type":"SearchAction","target":{"@type":"EntryPoint","urlTemplate":"https:\/\/emalonso.com.ar\/?s={search_term_string}"},"query-input":"required name=search_term_string"}],"inLanguage":"en-GB"},{"@type":"Organization","@id":"https:\/\/emalonso.com.ar\/#organization","name":"Estudio Contable Alonso y Asociados","url":"https:\/\/emalonso.com.ar\/","logo":{"@type":"ImageObject","inLanguage":"en-GB","@id":"https:\/\/emalonso.com.ar\/#\/schema\/logo\/image\/","url":"https:\/\/emalonso.com.ar\/wp-content\/uploads\/2020\/05\/Disen\u0303o-sin-ti\u0301tulo-56.png","contentUrl":"https:\/\/emalonso.com.ar\/wp-content\/uploads\/2020\/05\/Disen\u0303o-sin-ti\u0301tulo-56.png","width":500,"height":500,"caption":"Estudio Contable Alonso y Asociados"},"image":{"@id":"https:\/\/emalonso.com.ar\/#\/schema\/logo\/image\/"}},{"@type":"Person","@id":"https:\/\/emalonso.com.ar\/#\/schema\/person\/0fc2f4ea11398484f085e68fc940a8ee","name":"E.A.A.","url":"https:\/\/emalonso.com.ar\/en\/author\/c1740958\/"}]}},"_links":{"self":[{"href":"https:\/\/emalonso.com.ar\/en\/wp-json\/wp\/v2\/posts\/7638"}],"collection":[{"href":"https:\/\/emalonso.com.ar\/en\/wp-json\/wp\/v2\/posts"}],"about":[{"href":"https:\/\/emalonso.com.ar\/en\/wp-json\/wp\/v2\/types\/post"}],"author":[{"embeddable":true,"href":"https:\/\/emalonso.com.ar\/en\/wp-json\/wp\/v2\/users\/2"}],"replies":[{"embeddable":true,"href":"https:\/\/emalonso.com.ar\/en\/wp-json\/wp\/v2\/comments?post=7638"}],"version-history":[{"count":0,"href":"https:\/\/emalonso.com.ar\/en\/wp-json\/wp\/v2\/posts\/7638\/revisions"}],"wp:featuredmedia":[{"embeddable":true,"href":"https:\/\/emalonso.com.ar\/en\/wp-json\/wp\/v2\/media\/7620"}],"wp:attachment":[{"href":"https:\/\/emalonso.com.ar\/en\/wp-json\/wp\/v2\/media?parent=7638"}],"wp:term":[{"taxonomy":"category","embeddable":true,"href":"https:\/\/emalonso.com.ar\/en\/wp-json\/wp\/v2\/categories?post=7638"},{"taxonomy":"post_tag","embeddable":true,"href":"https:\/\/emalonso.com.ar\/en\/wp-json\/wp\/v2\/tags?post=7638"}],"curies":[{"name":"wp","href":"https:\/\/api.w.org\/{rel}","templated":true}]}}